{"id":1166,"date":"2014-12-05T18:09:42","date_gmt":"2014-12-05T23:09:42","guid":{"rendered":"http:\/\/bottesetvelo.com\/blog\/?p=1166"},"modified":"2014-12-05T18:47:32","modified_gmt":"2014-12-05T23:47:32","slug":"accueillir-nos-vulnerabilites","status":"publish","type":"post","link":"https:\/\/bottesetvelo.com\/blog\/2014\/12\/05\/accueillir-nos-vulnerabilites\/","title":{"rendered":"Accueillir nos vuln\u00e9rabilit\u00e9s"},"content":{"rendered":"<h6 style=\"text-align: right;\"><em>Vouloir \u00e9carter de sa route toute souffrance,<\/em><br \/>\n<em>signifie se soustraire \u00e0 une part essentielle de la vie humaine.<\/em><br \/>\n<em>Konrad Lorenz<\/em><\/h6>\n<p style=\"text-align: justify;\"><a href=\"https:\/\/i0.wp.com\/bottesetvelo.com\/blog\/wp-content\/uploads\/2014\/12\/2009-Compostelle-et-Barcelone-454.jpg?ssl=1\"><img data-recalc-dims=\"1\" loading=\"lazy\" decoding=\"async\" data-attachment-id=\"1169\" data-permalink=\"https:\/\/bottesetvelo.com\/blog\/2014\/12\/05\/accueillir-nos-vulnerabilites\/2009-compostelle-et-barcelone-454\/\" data-orig-file=\"https:\/\/i0.wp.com\/bottesetvelo.com\/blog\/wp-content\/uploads\/2014\/12\/2009-Compostelle-et-Barcelone-454.jpg?fit=2722%2C2332&amp;ssl=1\" data-orig-size=\"2722,2332\" data-comments-opened=\"1\" data-image-meta=\"{&quot;aperture&quot;:&quot;3.2&quot;,&quot;credit&quot;:&quot;&quot;,&quot;camera&quot;:&quot;Canon PowerShot SD890 IS&quot;,&quot;caption&quot;:&quot;&quot;,&quot;created_timestamp&quot;:&quot;1253368626&quot;,&quot;copyright&quot;:&quot;&quot;,&quot;focal_length&quot;:&quot;6.6&quot;,&quot;iso&quot;:&quot;80&quot;,&quot;shutter_speed&quot;:&quot;0.004&quot;,&quot;title&quot;:&quot;&quot;,&quot;orientation&quot;:&quot;1&quot;}\" data-image-title=\"2009 &amp;#8211; Compostelle et Barcelone 454\" data-image-description=\"\" data-image-caption=\"\" data-large-file=\"https:\/\/i0.wp.com\/bottesetvelo.com\/blog\/wp-content\/uploads\/2014\/12\/2009-Compostelle-et-Barcelone-454.jpg?fit=1024%2C877&amp;ssl=1\" class=\"alignright wp-image-1169\" src=\"https:\/\/i0.wp.com\/bottesetvelo.com\/blog\/wp-content\/uploads\/2014\/12\/2009-Compostelle-et-Barcelone-454.jpg?resize=303%2C259&#038;ssl=1\" alt=\"2009 - Compostelle et Barcelone 454\" width=\"303\" height=\"259\" srcset=\"https:\/\/i0.wp.com\/bottesetvelo.com\/blog\/wp-content\/uploads\/2014\/12\/2009-Compostelle-et-Barcelone-454.jpg?resize=500%2C428&amp;ssl=1 500w, https:\/\/i0.wp.com\/bottesetvelo.com\/blog\/wp-content\/uploads\/2014\/12\/2009-Compostelle-et-Barcelone-454.jpg?resize=1024%2C877&amp;ssl=1 1024w, https:\/\/i0.wp.com\/bottesetvelo.com\/blog\/wp-content\/uploads\/2014\/12\/2009-Compostelle-et-Barcelone-454.jpg?resize=624%2C534&amp;ssl=1 624w, https:\/\/i0.wp.com\/bottesetvelo.com\/blog\/wp-content\/uploads\/2014\/12\/2009-Compostelle-et-Barcelone-454.jpg?w=2340&amp;ssl=1 2340w\" sizes=\"auto, (max-width: 303px) 100vw, 303px\" \/><\/a>Derni\u00e8rement, j\u2019\u00e9coutais l\u2019humoriste Claudine Mercier nous raconter son exp\u00e9rience sur le chemin de Compostelle. \u00c0 sa fa\u00e7on, elle nous d\u00e9crit si bien cette premi\u00e8re journ\u00e9e qu\u2019on ne peut s\u2019emp\u00eacher de rire.<\/p>\n<p style=\"text-align: justify;\">Tout le monde part avec la m\u00eame image en t\u00eate : l\u2019Espagne bucolique, les villages coquets, les balades en montagne&#8230; Tout pour nous faire r\u00eaver! Les p\u00e8lerins qui l\u2019ont v\u00e9cue se souviennent de cette premi\u00e8re journ\u00e9e en montage. La travers\u00e9e des Pyr\u00e9n\u00e9es, magnifique! La journ\u00e9e d\u00e9bute exactement comme nous l\u2019avions imagin\u00e9e. Sous le soleil levant, nous traversons le joli village m\u00e9di\u00e9val de St-Jean-Pied-Port : les rues \u00e9troites faites de pav\u00e9s de pierre, les poutres larges des charpentes de maison, le parvis de l\u2019\u00e9glise, la tour de l\u2019horloge, le vieux pont, les fl\u00e8ches jaunes, les coquilles St-Jacques, tout \u00e9voque le p\u00e8lerinage. Il n\u2019en faut pas plus pour tomber sous le charme. Et ce n\u2019est pas sans raison : nous l\u2019avons tant r\u00eav\u00e9, tant attendu, ce p\u00e8lerinage!<\/p>\n<p style=\"text-align: justify;\">\u00c0 la sortie du village, la route commence sur le bitume avec une pente assez escarp\u00e9e. Elle nous conduit rapidement vers les premiers sentiers o\u00f9 le paysage se dessine, majestueux. Plus loin vient l\u2019auberge d\u2019Orisson, \u00e0 flanc de montagne. <a href=\"https:\/\/i0.wp.com\/bottesetvelo.com\/blog\/wp-content\/uploads\/2014\/12\/IMG_0056.jpg?ssl=1\"><img data-recalc-dims=\"1\" loading=\"lazy\" decoding=\"async\" data-attachment-id=\"1167\" data-permalink=\"https:\/\/bottesetvelo.com\/blog\/2014\/12\/05\/accueillir-nos-vulnerabilites\/img_0056\/\" data-orig-file=\"https:\/\/i0.wp.com\/bottesetvelo.com\/blog\/wp-content\/uploads\/2014\/12\/IMG_0056.jpg?fit=2048%2C1536&amp;ssl=1\" data-orig-size=\"2048,1536\" data-comments-opened=\"1\" data-image-meta=\"{&quot;aperture&quot;:&quot;4.5&quot;,&quot;credit&quot;:&quot;&quot;,&quot;camera&quot;:&quot;Canon PowerShot A510&quot;,&quot;caption&quot;:&quot;&quot;,&quot;created_timestamp&quot;:&quot;1188988954&quot;,&quot;copyright&quot;:&quot;&quot;,&quot;focal_length&quot;:&quot;5.8125&quot;,&quot;iso&quot;:&quot;0&quot;,&quot;shutter_speed&quot;:&quot;0.001&quot;,&quot;title&quot;:&quot;&quot;,&quot;orientation&quot;:&quot;1&quot;}\" data-image-title=\"IMG_0056\" data-image-description=\"\" data-image-caption=\"\" data-large-file=\"https:\/\/i0.wp.com\/bottesetvelo.com\/blog\/wp-content\/uploads\/2014\/12\/IMG_0056.jpg?fit=1024%2C768&amp;ssl=1\" class=\"alignright wp-image-1167 \" src=\"https:\/\/i0.wp.com\/bottesetvelo.com\/blog\/wp-content\/uploads\/2014\/12\/IMG_0056.jpg?resize=300%2C225&#038;ssl=1\" alt=\"IMG_0056\" width=\"300\" height=\"225\" srcset=\"https:\/\/i0.wp.com\/bottesetvelo.com\/blog\/wp-content\/uploads\/2014\/12\/IMG_0056.jpg?resize=500%2C375&amp;ssl=1 500w, https:\/\/i0.wp.com\/bottesetvelo.com\/blog\/wp-content\/uploads\/2014\/12\/IMG_0056.jpg?resize=1024%2C768&amp;ssl=1 1024w, https:\/\/i0.wp.com\/bottesetvelo.com\/blog\/wp-content\/uploads\/2014\/12\/IMG_0056.jpg?resize=624%2C468&amp;ssl=1 624w, https:\/\/i0.wp.com\/bottesetvelo.com\/blog\/wp-content\/uploads\/2014\/12\/IMG_0056.jpg?w=2048&amp;ssl=1 2048w\" sizes=\"auto, (max-width: 300px) 100vw, 300px\" \/><\/a>Encore une fois, tout pour tomber en extase : l\u2019immensit\u00e9, les nuages qui passent \u00e0 toute vitesse, les montagnes verdoyantes. L\u2019endroit invite au repos et il fait bon s\u2019y arr\u00eater pour une pause savourer un excellent caf\u00e9 sur leur large terrasse. Apr\u00e8s l\u2019auberge, la route reprend et nous entra\u00eene vers les p\u00e2turages. Les troupeaux de moutons qui gambadent. Les cloches des vaches tintent au loin. Quelques chevaux galopent. Vraiment, Heidi n\u2019aurait pu imaginer mieux!<\/p>\n<p style=\"text-align: justify;\">Et c\u2019est l\u00e0 que tout commence. Chaque fois que j\u2019entends raconter cette premi\u00e8re portion de la journ\u00e9e, je ne peux m\u2019emp\u00eacher de sourire \u00e0 l\u2019avance. Le p\u00e8lerin d\u2019exp\u00e9rience conna\u00eet la suite, c\u2019est quelques kilom\u00e8tres plus loin que le charme commence \u00e0 s\u2019essouffler&#8230;<\/p>\n<p style=\"text-align: justify;\"><a href=\"https:\/\/i0.wp.com\/bottesetvelo.com\/blog\/wp-content\/uploads\/2014\/12\/IMG_1142.jpg?ssl=1\"><img data-recalc-dims=\"1\" loading=\"lazy\" decoding=\"async\" data-attachment-id=\"1173\" data-permalink=\"https:\/\/bottesetvelo.com\/blog\/2014\/12\/05\/accueillir-nos-vulnerabilites\/img_1142-4\/\" data-orig-file=\"https:\/\/i0.wp.com\/bottesetvelo.com\/blog\/wp-content\/uploads\/2014\/12\/IMG_1142.jpg?fit=2592%2C1936&amp;ssl=1\" data-orig-size=\"2592,1936\" data-comments-opened=\"1\" data-image-meta=\"{&quot;aperture&quot;:&quot;2.8&quot;,&quot;credit&quot;:&quot;&quot;,&quot;camera&quot;:&quot;iPhone 4&quot;,&quot;caption&quot;:&quot;&quot;,&quot;created_timestamp&quot;:&quot;1373808687&quot;,&quot;copyright&quot;:&quot;&quot;,&quot;focal_length&quot;:&quot;3.85&quot;,&quot;iso&quot;:&quot;80&quot;,&quot;shutter_speed&quot;:&quot;0.0166666666667&quot;,&quot;title&quot;:&quot;&quot;,&quot;orientation&quot;:&quot;1&quot;}\" data-image-title=\"IMG_1142\" data-image-description=\"\" data-image-caption=\"\" data-large-file=\"https:\/\/i0.wp.com\/bottesetvelo.com\/blog\/wp-content\/uploads\/2014\/12\/IMG_1142.jpg?fit=1024%2C764&amp;ssl=1\" class=\"alignright wp-image-1173\" src=\"https:\/\/i0.wp.com\/bottesetvelo.com\/blog\/wp-content\/uploads\/2014\/12\/IMG_1142.jpg?resize=300%2C224&#038;ssl=1\" alt=\"IMG_1142\" width=\"300\" height=\"224\" srcset=\"https:\/\/i0.wp.com\/bottesetvelo.com\/blog\/wp-content\/uploads\/2014\/12\/IMG_1142.jpg?resize=500%2C373&amp;ssl=1 500w, https:\/\/i0.wp.com\/bottesetvelo.com\/blog\/wp-content\/uploads\/2014\/12\/IMG_1142.jpg?resize=1024%2C764&amp;ssl=1 1024w, https:\/\/i0.wp.com\/bottesetvelo.com\/blog\/wp-content\/uploads\/2014\/12\/IMG_1142.jpg?resize=624%2C466&amp;ssl=1 624w, https:\/\/i0.wp.com\/bottesetvelo.com\/blog\/wp-content\/uploads\/2014\/12\/IMG_1142.jpg?w=2340&amp;ssl=1 2340w\" sizes=\"auto, (max-width: 300px) 100vw, 300px\" \/><\/a>Arriv\u00e9 au terme de cette journ\u00e9e, \u00e0 l\u2019Abbaye de Roncevaux, le p\u00e8lerin ext\u00e9nu\u00e9, \u00e9puis\u00e9, courbatur\u00e9, ne d\u00e9sire que ces seules choses : d\u00e9poser son sac, prendre une douche et savourer une bonne bi\u00e8re sur la terrasse. Tout cela se produira dans l\u2019ordre convenu selon ses attentes. Mais ce n\u2019est qu\u2019une fois la bi\u00e8re bue, alors qu\u2019il se l\u00e8vera pour se diriger vers la salle \u00e0 manger, qu\u2019il ne pourra s\u2019emp\u00eacher de s\u2019exclamer : \u00ab Maudit que \u00e7a fait mal! \u00bb<br \/>\nC\u2019est aussi \u00e7a, le p\u00e8lerinage&#8230;<\/p>\n<p style=\"text-align: justify;\">Oui, \u00e7a fait mal Compostelle! Que ce soit La Voie du St-Laurent, le Chemin des Sanctuaires, le Chemin des Navigateurs, le Chemin de Outaouais, ou encore le Chemin Beauvoir-Beaupr\u00e9, peu importe le chemin de p\u00e8lerinage, c\u2019est exigeant! <a href=\"https:\/\/i0.wp.com\/bottesetvelo.com\/blog\/wp-content\/uploads\/2014\/12\/La-Voie-du-St-Laurent-les-pieds-dans-le-vent.png?ssl=1\"><img data-recalc-dims=\"1\" loading=\"lazy\" decoding=\"async\" data-attachment-id=\"1178\" data-permalink=\"https:\/\/bottesetvelo.com\/blog\/2014\/12\/05\/accueillir-nos-vulnerabilites\/la-voie-du-st-laurent-les-pieds-dans-le-vent\/\" data-orig-file=\"https:\/\/i0.wp.com\/bottesetvelo.com\/blog\/wp-content\/uploads\/2014\/12\/La-Voie-du-St-Laurent-les-pieds-dans-le-vent.png?fit=458%2C258&amp;ssl=1\" data-orig-size=\"458,258\" data-comments-opened=\"1\" data-image-meta=\"{&quot;aperture&quot;:&quot;0&quot;,&quot;credit&quot;:&quot;&quot;,&quot;camera&quot;:&quot;&quot;,&quot;caption&quot;:&quot;&quot;,&quot;created_timestamp&quot;:&quot;0&quot;,&quot;copyright&quot;:&quot;&quot;,&quot;focal_length&quot;:&quot;0&quot;,&quot;iso&quot;:&quot;0&quot;,&quot;shutter_speed&quot;:&quot;0&quot;,&quot;title&quot;:&quot;&quot;,&quot;orientation&quot;:&quot;0&quot;}\" data-image-title=\"La Voie du St-Laurent &amp;#8211; les pieds dans le vent\" data-image-description=\"\" data-image-caption=\"\" data-large-file=\"https:\/\/i0.wp.com\/bottesetvelo.com\/blog\/wp-content\/uploads\/2014\/12\/La-Voie-du-St-Laurent-les-pieds-dans-le-vent.png?fit=458%2C258&amp;ssl=1\" class=\"alignright wp-image-1178 \" src=\"https:\/\/i0.wp.com\/bottesetvelo.com\/blog\/wp-content\/uploads\/2014\/12\/La-Voie-du-St-Laurent-les-pieds-dans-le-vent.png?resize=300%2C169&#038;ssl=1\" alt=\"La Voie du St-Laurent - les pieds dans le vent\" width=\"300\" height=\"169\" \/><\/a>Que vous soyez en forme, ou non, l\u2019exp\u00e9rience sera exigeante \u00e0 la hauteur de votre condition physique. Mais ce n\u2019est pas une souffrance digne des pires tortionnaires, non! C\u2019est une souffrance que nous n\u2019avons tout simplement pas l\u2019habitude de c\u00f4toyer. Une souffrance qui nous tire de notre routine quotidienne, qui nous \u00ab d\u00e9sencrasse \u00bb, qui nous sort de notre zone de confort, comme l\u2019\u00e9crivait Brigitte la semaine derni\u00e8re.<\/p>\n<p style=\"text-align: justify;\">Sortir de sa zone de confort sous-entend souffrance, c\u2019est in\u00e9vitable! Et nous \u00e9vitons trop souvent le sujet dans les r\u00e9cits de p\u00e8lerinage. Claudine Mercier a eu le courage et la franchise de l\u2019aborder de mani\u00e8re humoristique dans son spectacle et c\u2019est ce qui est bon. L\u2019aborder ainsi, oser en parler, voire d\u2019en rire, c\u2019est d\u00e9j\u00e0 d\u00e9dramatiser la chose. <a href=\"https:\/\/i0.wp.com\/bottesetvelo.com\/blog\/wp-content\/uploads\/2014\/12\/2014-07-23-08.44.24.jpg?ssl=1\"><img data-recalc-dims=\"1\" loading=\"lazy\" decoding=\"async\" data-attachment-id=\"1174\" data-permalink=\"https:\/\/bottesetvelo.com\/blog\/2014\/12\/05\/accueillir-nos-vulnerabilites\/2014-07-23-08-44-24\/\" data-orig-file=\"https:\/\/i0.wp.com\/bottesetvelo.com\/blog\/wp-content\/uploads\/2014\/12\/2014-07-23-08.44.24.jpg?fit=3264%2C2448&amp;ssl=1\" data-orig-size=\"3264,2448\" data-comments-opened=\"1\" data-image-meta=\"{&quot;aperture&quot;:&quot;2.6&quot;,&quot;credit&quot;:&quot;&quot;,&quot;camera&quot;:&quot;SGH-I747M&quot;,&quot;caption&quot;:&quot;&quot;,&quot;created_timestamp&quot;:&quot;1406105064&quot;,&quot;copyright&quot;:&quot;&quot;,&quot;focal_length&quot;:&quot;3.7&quot;,&quot;iso&quot;:&quot;50&quot;,&quot;shutter_speed&quot;:&quot;0.00105263157895&quot;,&quot;title&quot;:&quot;&quot;,&quot;orientation&quot;:&quot;1&quot;}\" data-image-title=\"2014-07-23 08.44.24\" data-image-description=\"\" data-image-caption=\"\" data-large-file=\"https:\/\/i0.wp.com\/bottesetvelo.com\/blog\/wp-content\/uploads\/2014\/12\/2014-07-23-08.44.24.jpg?fit=1024%2C768&amp;ssl=1\" class=\"alignright wp-image-1174 \" src=\"https:\/\/i0.wp.com\/bottesetvelo.com\/blog\/wp-content\/uploads\/2014\/12\/2014-07-23-08.44.24.jpg?resize=300%2C225&#038;ssl=1\" alt=\"2014-07-23 08.44.24\" width=\"300\" height=\"225\" srcset=\"https:\/\/i0.wp.com\/bottesetvelo.com\/blog\/wp-content\/uploads\/2014\/12\/2014-07-23-08.44.24.jpg?resize=500%2C375&amp;ssl=1 500w, https:\/\/i0.wp.com\/bottesetvelo.com\/blog\/wp-content\/uploads\/2014\/12\/2014-07-23-08.44.24.jpg?resize=1024%2C768&amp;ssl=1 1024w, https:\/\/i0.wp.com\/bottesetvelo.com\/blog\/wp-content\/uploads\/2014\/12\/2014-07-23-08.44.24.jpg?resize=624%2C467&amp;ssl=1 624w, https:\/\/i0.wp.com\/bottesetvelo.com\/blog\/wp-content\/uploads\/2014\/12\/2014-07-23-08.44.24.jpg?w=2340&amp;ssl=1 2340w\" sizes=\"auto, (max-width: 300px) 100vw, 300px\" \/><\/a>Reconna\u00eetre notre vuln\u00e9rabilit\u00e9, ce n\u2019est pas s\u2019avouer vaincu; c\u2019est reconna\u00eetre notre humanit\u00e9 et commencer \u00e0 progresser dans notre reconstruction.<\/p>\n<p style=\"text-align: justify;\">Ainsi, sortir de sa zone de confort consistera d\u2019abord \u00e0 d\u00e9sapprendre une mani\u00e8re d\u2019\u00eatre, sortir de ce lieu dans lequel j\u2019avais pris certaines habitudes, une certaine aisance, pour entrer dans un monde \u00e0 d\u00e9couvrir, un monde qui n\u2019est pas le mien. Se mettre en route implique donc une rupture d\u2019avec ce qui \u00e9tait, une rupture qui occasionne des souffrances plus ou moins grandes, pour entrer dans ce nouveau qui cherche \u00e0 se dire, \u00e0 s\u2019exprimer \u00e0 travers moi.<\/p>\n<p style=\"text-align: justify;\">La souffrance peut \u00eatre physique, mais aussi psychologique. C\u2019est souffrant changer une vieille habitude! C\u2019est souffrant de se d\u00e9passer! \u00c7a exige un effort que nous n\u2019avons pas l\u2019habitude de fournir. Mais, le p\u00e8lerinage se fait tout en lenteur et c\u2019est lentement que notre corps et notre esprit auront l\u2019occasion d\u2019apprivoiser ce changement. <a href=\"https:\/\/i0.wp.com\/bottesetvelo.com\/blog\/wp-content\/uploads\/2014\/12\/2014-07-28-17.17.07.jpg?ssl=1\"><img data-recalc-dims=\"1\" loading=\"lazy\" decoding=\"async\" data-attachment-id=\"1175\" data-permalink=\"https:\/\/bottesetvelo.com\/blog\/2014\/12\/05\/accueillir-nos-vulnerabilites\/2014-07-28-17-17-07\/\" data-orig-file=\"https:\/\/i0.wp.com\/bottesetvelo.com\/blog\/wp-content\/uploads\/2014\/12\/2014-07-28-17.17.07.jpg?fit=3264%2C2448&amp;ssl=1\" data-orig-size=\"3264,2448\" data-comments-opened=\"1\" data-image-meta=\"{&quot;aperture&quot;:&quot;2.6&quot;,&quot;credit&quot;:&quot;&quot;,&quot;camera&quot;:&quot;SGH-I747M&quot;,&quot;caption&quot;:&quot;&quot;,&quot;created_timestamp&quot;:&quot;1406567827&quot;,&quot;copyright&quot;:&quot;&quot;,&quot;focal_length&quot;:&quot;3.7&quot;,&quot;iso&quot;:&quot;80&quot;,&quot;shutter_speed&quot;:&quot;0.0166666666667&quot;,&quot;title&quot;:&quot;&quot;,&quot;orientation&quot;:&quot;1&quot;}\" data-image-title=\"2014-07-28 17.17.07\" data-image-description=\"\" data-image-caption=\"\" data-large-file=\"https:\/\/i0.wp.com\/bottesetvelo.com\/blog\/wp-content\/uploads\/2014\/12\/2014-07-28-17.17.07.jpg?fit=1024%2C768&amp;ssl=1\" class=\"alignright wp-image-1175 \" src=\"https:\/\/i0.wp.com\/bottesetvelo.com\/blog\/wp-content\/uploads\/2014\/12\/2014-07-28-17.17.07.jpg?resize=301%2C226&#038;ssl=1\" alt=\"2014-07-28 17.17.07\" width=\"301\" height=\"226\" srcset=\"https:\/\/i0.wp.com\/bottesetvelo.com\/blog\/wp-content\/uploads\/2014\/12\/2014-07-28-17.17.07.jpg?resize=500%2C375&amp;ssl=1 500w, https:\/\/i0.wp.com\/bottesetvelo.com\/blog\/wp-content\/uploads\/2014\/12\/2014-07-28-17.17.07.jpg?resize=1024%2C768&amp;ssl=1 1024w, https:\/\/i0.wp.com\/bottesetvelo.com\/blog\/wp-content\/uploads\/2014\/12\/2014-07-28-17.17.07.jpg?resize=624%2C467&amp;ssl=1 624w, https:\/\/i0.wp.com\/bottesetvelo.com\/blog\/wp-content\/uploads\/2014\/12\/2014-07-28-17.17.07.jpg?w=2340&amp;ssl=1 2340w\" sizes=\"auto, (max-width: 301px) 100vw, 301px\" \/><\/a>Je dois me lancer dans le p\u00e8lerinage avec beaucoup de respect envers moi-m\u00eame. Prendre le temps d\u2019extraire tout mon \u00eatre de cette l\u00e9thargie, pour lui permettre de renouer tout doucement avec l\u2019exp\u00e9rience d\u2019\u00eatre en vie.<\/p>\n<p style=\"text-align: justify;\">C\u2019est l\u00e0 la premi\u00e8re \u00e9tape de la d\u00e9marche du p\u00e8lerin : devenir attentif \u00e0 tout ce monde de sensations qui s\u2019\u00e9veille en moi. Mon corps reprend contact avec la vie dans de nouvelles conditions qui m\u2019am\u00e8neront, au fil du chemin, \u00e0 baliser ma route d\u2019une nouvelle mani\u00e8re. C\u2019est une souffrance qui permet de renouer avec son propre corps, de recontacter la dimension sensible de son \u00eatre, de sortir de ses \u00ab enfermements \u00bb. Mes enfermements me referment sur moi-m\u00eame. Ils d\u00e9montrent un manque d\u2019ouverture et de flexibilit\u00e9. Mes enfermements peuvent \u00eatre : de l\u2019\u00e9troitesse d\u2019esprit, de la rigidit\u00e9, de l\u2019ent\u00eatement, de la performance, de la comp\u00e9titivit\u00e9, du para\u00eetre, des \u00ab qu\u2019en dira-t-on? \u00bb\u2026<\/p>\n<p style=\"text-align: justify;\"><a href=\"https:\/\/i0.wp.com\/bottesetvelo.com\/blog\/wp-content\/uploads\/2014\/12\/2014-08-03-10.53.00.jpg?ssl=1\"><img data-recalc-dims=\"1\" loading=\"lazy\" decoding=\"async\" data-attachment-id=\"1177\" data-permalink=\"https:\/\/bottesetvelo.com\/blog\/2014\/12\/05\/accueillir-nos-vulnerabilites\/2014-08-03-10-53-00\/\" data-orig-file=\"https:\/\/i0.wp.com\/bottesetvelo.com\/blog\/wp-content\/uploads\/2014\/12\/2014-08-03-10.53.00.jpg?fit=1612%2C1994&amp;ssl=1\" data-orig-size=\"1612,1994\" data-comments-opened=\"1\" data-image-meta=\"{&quot;aperture&quot;:&quot;2.8&quot;,&quot;credit&quot;:&quot;&quot;,&quot;camera&quot;:&quot;iPhone 4&quot;,&quot;caption&quot;:&quot;&quot;,&quot;created_timestamp&quot;:&quot;1407063180&quot;,&quot;copyright&quot;:&quot;&quot;,&quot;focal_length&quot;:&quot;3.85&quot;,&quot;iso&quot;:&quot;80&quot;,&quot;shutter_speed&quot;:&quot;0.0012936610608&quot;,&quot;title&quot;:&quot;&quot;,&quot;orientation&quot;:&quot;1&quot;}\" data-image-title=\"2014-08-03 10.53.00\" data-image-description=\"\" data-image-caption=\"\" data-large-file=\"https:\/\/i0.wp.com\/bottesetvelo.com\/blog\/wp-content\/uploads\/2014\/12\/2014-08-03-10.53.00.jpg?fit=827%2C1024&amp;ssl=1\" class=\"alignright wp-image-1177\" src=\"https:\/\/i0.wp.com\/bottesetvelo.com\/blog\/wp-content\/uploads\/2014\/12\/2014-08-03-10.53.00.jpg?resize=241%2C299&#038;ssl=1\" alt=\"2014-08-03 10.53.00\" width=\"241\" height=\"299\" srcset=\"https:\/\/i0.wp.com\/bottesetvelo.com\/blog\/wp-content\/uploads\/2014\/12\/2014-08-03-10.53.00.jpg?resize=404%2C500&amp;ssl=1 404w, https:\/\/i0.wp.com\/bottesetvelo.com\/blog\/wp-content\/uploads\/2014\/12\/2014-08-03-10.53.00.jpg?resize=827%2C1024&amp;ssl=1 827w, https:\/\/i0.wp.com\/bottesetvelo.com\/blog\/wp-content\/uploads\/2014\/12\/2014-08-03-10.53.00.jpg?resize=624%2C771&amp;ssl=1 624w, https:\/\/i0.wp.com\/bottesetvelo.com\/blog\/wp-content\/uploads\/2014\/12\/2014-08-03-10.53.00.jpg?w=1612&amp;ssl=1 1612w\" sizes=\"auto, (max-width: 241px) 100vw, 241px\" \/><\/a>Quelqu\u2019un me faisait remarquer que le mot enfermement contient le mot \u00ab enfer \u00bb. Et ce n\u2019est pas sans raison! Se replier sur soi, se couper du monde, se restreindre \u00e0 une perception, s\u2019obliger de correspondre \u00e0 une vision, c\u2019est souvent se faire une vie d\u2019enfer et cet \u00ab enfer \u00bb me-ment! Il me laisse croire que je fais la bonne chose, que j\u2019ai raison. Il me fait croire qu\u2019il n\u2019y a qu\u2019un chemin, qu\u2019une mani\u00e8re de faire, qu\u2019une bonne mani\u00e8re d\u2019\u00eatre; et c\u2019est l\u00e0 que la souffrance surgit&#8230;<\/p>\n<p style=\"text-align: justify;\">Dans l\u2019accueil de nos vuln\u00e9rabilit\u00e9s, le p\u00e8lerinage nous appelle \u00e0 plus de v\u00e9rit\u00e9 sur nous-m\u00eames. Il nous appelle \u00e0 accueillir avec plus d\u2019amour ce que nous sommes. Car s\u2019aimer, c\u2019est le meilleur moyen de sortir de nos enfermements pour enfin aller librement \u00e0 la rencontre de l\u2019autre.<a href=\"https:\/\/i0.wp.com\/bottesetvelo.com\/blog\/wp-content\/uploads\/2014\/01\/Bottes-et-V%C3%A9lo-Embl%C3%AAme.jpg?ssl=1\"><img data-recalc-dims=\"1\" loading=\"lazy\" decoding=\"async\" data-attachment-id=\"14\" data-permalink=\"https:\/\/bottesetvelo.com\/blog\/bottes-et-velo-le-blog\/bottes-et-velo-embleme\/\" data-orig-file=\"https:\/\/i0.wp.com\/bottesetvelo.com\/blog\/wp-content\/uploads\/2014\/01\/Bottes-et-V%C3%A9lo-Embl%C3%AAme-e1454083414631.jpg?fit=100%2C79&amp;ssl=1\" data-orig-size=\"100,79\" data-comments-opened=\"1\" data-image-meta=\"{&quot;aperture&quot;:&quot;0&quot;,&quot;credit&quot;:&quot;&quot;,&quot;camera&quot;:&quot;&quot;,&quot;caption&quot;:&quot;&quot;,&quot;created_timestamp&quot;:&quot;0&quot;,&quot;copyright&quot;:&quot;&quot;,&quot;focal_length&quot;:&quot;0&quot;,&quot;iso&quot;:&quot;0&quot;,&quot;shutter_speed&quot;:&quot;0&quot;,&quot;title&quot;:&quot;&quot;}\" data-image-title=\"Bottes et V\u00e9lo &amp;#8211; Embl\u00eame\" data-image-description=\"\" data-image-caption=\"\" data-large-file=\"https:\/\/i0.wp.com\/bottesetvelo.com\/blog\/wp-content\/uploads\/2014\/01\/Bottes-et-V%C3%A9lo-Embl%C3%AAme-e1454083414631.jpg?fit=100%2C79&amp;ssl=1\" class=\"alignright wp-image-14 \" src=\"https:\/\/i0.wp.com\/bottesetvelo.com\/blog\/wp-content\/uploads\/2014\/01\/Bottes-et-V%C3%A9lo-Embl%C3%AAme.jpg?resize=84%2C66&#038;ssl=1\" alt=\"Bottes et V\u00e9lo - Embl\u00eame\" width=\"84\" height=\"66\" \/><\/a><\/p>\n<p style=\"text-align: justify;\">\u00c9ric Lalibert\u00e9<\/p>\n","protected":false},"excerpt":{"rendered":"<p>Vouloir \u00e9carter de sa route toute souffrance, signifie se soustraire \u00e0 une part essentielle de la vie humaine. Konrad Lorenz Derni\u00e8rement, j\u2019\u00e9coutais l\u2019humoriste Claudine Mercier nous raconter son exp\u00e9rience sur le chemin de Compostelle. \u00c0 sa fa\u00e7on, elle nous d\u00e9crit si bien cette premi\u00e8re journ\u00e9e qu\u2019on ne peut s\u2019emp\u00eacher de rire. Tout le monde part&hellip;<\/p>\n","protected":false},"author":3,"featured_media":0,"comment_status":"open","ping_status":"open","sticky":false,"template":"","format":"standard","meta":{"jetpack_post_was_ever_published":false,"_jetpack_newsletter_access":"","_jetpack_dont_email_post_to_subs":false,"_jetpack_newsletter_tier_id":0,"_jetpack_memberships_contains_paywalled_content":false,"_jetpack_memberships_contains_paid_content":false,"footnotes":"","jetpack_publicize_message":"Accueillir nos vuln\u00e9rabilit\u00e9s http:\/\/wp.me\/p4eY6z-iO","jetpack_publicize_feature_enabled":true,"jetpack_social_post_already_shared":true,"jetpack_social_options":{"image_generator_settings":{"template":"highway","default_image_id":0,"font":"","enabled":false},"version":2}},"categories":[39,3,37],"tags":[80,125,13,38,124,20,123],"class_list":["post-1166","post","type-post","status-publish","format-standard","hentry","category-croissance-personnelle","category-reflexions","category-spiritualite-2","tag-compostelle","tag-depassement","tag-pelerinage","tag-reflexion","tag-souffrance","tag-spiritualite","tag-vulnerabilite"],"jetpack_publicize_connections":[],"jetpack_featured_media_url":"","jetpack_shortlink":"https:\/\/wp.me\/p4eY6z-iO","jetpack_sharing_enabled":true,"jetpack_likes_enabled":true,"jetpack-related-posts":[],"_links":{"self":[{"href":"https:\/\/bottesetvelo.com\/blog\/wp-json\/wp\/v2\/posts\/1166","targetHints":{"allow":["GET"]}}],"collection":[{"href":"https:\/\/bottesetvelo.com\/blog\/wp-json\/wp\/v2\/posts"}],"about":[{"href":"https:\/\/bottesetvelo.com\/blog\/wp-json\/wp\/v2\/types\/post"}],"author":[{"embeddable":true,"href":"https:\/\/bottesetvelo.com\/blog\/wp-json\/wp\/v2\/users\/3"}],"replies":[{"embeddable":true,"href":"https:\/\/bottesetvelo.com\/blog\/wp-json\/wp\/v2\/comments?post=1166"}],"version-history":[{"count":2,"href":"https:\/\/bottesetvelo.com\/blog\/wp-json\/wp\/v2\/posts\/1166\/revisions"}],"predecessor-version":[{"id":1180,"href":"https:\/\/bottesetvelo.com\/blog\/wp-json\/wp\/v2\/posts\/1166\/revisions\/1180"}],"wp:attachment":[{"href":"https:\/\/bottesetvelo.com\/blog\/wp-json\/wp\/v2\/media?parent=1166"}],"wp:term":[{"taxonomy":"category","embeddable":true,"href":"https:\/\/bottesetvelo.com\/blog\/wp-json\/wp\/v2\/categories?post=1166"},{"taxonomy":"post_tag","embeddable":true,"href":"https:\/\/bottesetvelo.com\/blog\/wp-json\/wp\/v2\/tags?post=1166"}],"curies":[{"name":"wp","href":"https:\/\/api.w.org\/{rel}","templated":true}]}}