{"id":1004,"date":"2014-11-30T16:07:41","date_gmt":"2014-11-30T21:07:41","guid":{"rendered":"http:\/\/bottesetvelo.com\/blog\/?p=1004"},"modified":"2014-11-30T16:09:40","modified_gmt":"2014-11-30T21:09:40","slug":"decembre-la-librairie-du-pelerin-vous-propose","status":"publish","type":"post","link":"https:\/\/bottesetvelo.com\/blog\/2014\/11\/30\/decembre-la-librairie-du-pelerin-vous-propose\/","title":{"rendered":"D\u00e9cembre: la librairie du p\u00e8lerin vous propose&#8230;"},"content":{"rendered":"<p style=\"text-align: justify;\">La librairie du p\u00e8lerin est de retour avec ses suggestions de lectures mensuelles. Comme vous le savez, chaque mois, Bottes et V\u00e9lo vous propose trois titres que nous avons s\u00e9lectionn\u00e9s afin d&rsquo;alimenter votre r\u00e9flexion sur le p\u00e8lerinage de longue randonn\u00e9e. Ces livres se veulent des outils permettant de contribuer graduellement \u00e0 l&rsquo;int\u00e9gration des diff\u00e9rentes dimensions du p\u00e8lerinage dans nos vies comme exercice d&rsquo;un mode de vie sain.<\/p>\n<p style=\"text-align: justify;\">Voici les trois titres que nous avons retenus pour vous ce mois-ci:<a href=\"https:\/\/i0.wp.com\/bottesetvelo.com\/blog\/wp-content\/uploads\/2014\/11\/S%C3%A9lection-D%C3%A9cembre-2014.png?ssl=1\"><img data-recalc-dims=\"1\" loading=\"lazy\" decoding=\"async\" data-attachment-id=\"1008\" data-permalink=\"https:\/\/bottesetvelo.com\/blog\/2014\/11\/30\/decembre-la-librairie-du-pelerin-vous-propose\/selection-decembre-2014\/\" data-orig-file=\"https:\/\/i0.wp.com\/bottesetvelo.com\/blog\/wp-content\/uploads\/2014\/11\/S%C3%A9lection-D%C3%A9cembre-2014.png?fit=1139%2C559&amp;ssl=1\" data-orig-size=\"1139,559\" data-comments-opened=\"1\" data-image-meta=\"{&quot;aperture&quot;:&quot;0&quot;,&quot;credit&quot;:&quot;&quot;,&quot;camera&quot;:&quot;&quot;,&quot;caption&quot;:&quot;&quot;,&quot;created_timestamp&quot;:&quot;0&quot;,&quot;copyright&quot;:&quot;&quot;,&quot;focal_length&quot;:&quot;0&quot;,&quot;iso&quot;:&quot;0&quot;,&quot;shutter_speed&quot;:&quot;0&quot;,&quot;title&quot;:&quot;&quot;,&quot;orientation&quot;:&quot;0&quot;}\" data-image-title=\"S\u00e9lection &amp;#8211; D\u00e9cembre 2014\" data-image-description=\"\" data-image-caption=\"\" data-large-file=\"https:\/\/i0.wp.com\/bottesetvelo.com\/blog\/wp-content\/uploads\/2014\/11\/S%C3%A9lection-D%C3%A9cembre-2014.png?fit=1024%2C502&amp;ssl=1\" class=\"aligncenter wp-image-1008\" src=\"https:\/\/i0.wp.com\/bottesetvelo.com\/blog\/wp-content\/uploads\/2014\/11\/S%C3%A9lection-D%C3%A9cembre-2014.png?resize=555%2C272&#038;ssl=1\" alt=\"S\u00e9lection - D\u00e9cembre 2014\" width=\"555\" height=\"272\" srcset=\"https:\/\/i0.wp.com\/bottesetvelo.com\/blog\/wp-content\/uploads\/2014\/11\/S%C3%A9lection-D%C3%A9cembre-2014.png?resize=500%2C245&amp;ssl=1 500w, https:\/\/i0.wp.com\/bottesetvelo.com\/blog\/wp-content\/uploads\/2014\/11\/S%C3%A9lection-D%C3%A9cembre-2014.png?resize=1024%2C502&amp;ssl=1 1024w, https:\/\/i0.wp.com\/bottesetvelo.com\/blog\/wp-content\/uploads\/2014\/11\/S%C3%A9lection-D%C3%A9cembre-2014.png?resize=624%2C306&amp;ssl=1 624w, https:\/\/i0.wp.com\/bottesetvelo.com\/blog\/wp-content\/uploads\/2014\/11\/S%C3%A9lection-D%C3%A9cembre-2014.png?w=1139&amp;ssl=1 1139w\" sizes=\"auto, (max-width: 555px) 100vw, 555px\" \/><\/a><\/p>\n<h1 id=\"title\" class=\"a-size-large a-spacing-none\"><span id=\"productTitle\" class=\"a-size-large\">Marcher pour vivre<\/span><\/h1>\n<p style=\"text-align: justify;\"><a title=\"Bottes et V\u00e9lo: la librairie du p\u00e8lerin\" href=\"http:\/\/bottesetvelo.com\/bottes-et-velo-librairie\" target=\"_blank\"><img data-recalc-dims=\"1\" loading=\"lazy\" decoding=\"async\" data-attachment-id=\"1005\" data-permalink=\"https:\/\/bottesetvelo.com\/blog\/2014\/11\/30\/decembre-la-librairie-du-pelerin-vous-propose\/gateff-marcher-pour-vivre\/\" data-orig-file=\"https:\/\/i0.wp.com\/bottesetvelo.com\/blog\/wp-content\/uploads\/2014\/11\/Gateff-Marcher-pour-vivre.png?fit=325%2C466&amp;ssl=1\" data-orig-size=\"325,466\" data-comments-opened=\"1\" data-image-meta=\"{&quot;aperture&quot;:&quot;0&quot;,&quot;credit&quot;:&quot;&quot;,&quot;camera&quot;:&quot;&quot;,&quot;caption&quot;:&quot;&quot;,&quot;created_timestamp&quot;:&quot;0&quot;,&quot;copyright&quot;:&quot;&quot;,&quot;focal_length&quot;:&quot;0&quot;,&quot;iso&quot;:&quot;0&quot;,&quot;shutter_speed&quot;:&quot;0&quot;,&quot;title&quot;:&quot;&quot;,&quot;orientation&quot;:&quot;0&quot;}\" data-image-title=\"Gateff &amp;#8211; Marcher pour vivre\" data-image-description=\"\" data-image-caption=\"\" data-large-file=\"https:\/\/i0.wp.com\/bottesetvelo.com\/blog\/wp-content\/uploads\/2014\/11\/Gateff-Marcher-pour-vivre.png?fit=325%2C466&amp;ssl=1\" class=\"alignright wp-image-1005 \" src=\"https:\/\/i0.wp.com\/bottesetvelo.com\/blog\/wp-content\/uploads\/2014\/11\/Gateff-Marcher-pour-vivre.png?resize=223%2C320&#038;ssl=1\" alt=\"Gateff - Marcher pour vivre\" width=\"223\" height=\"320\" \/><\/a> Perdre un temps l&rsquo;usage de la marche \u00e0 la suite d&rsquo;un probl\u00e8me de sant\u00e9 et le retrouver \u00e0 force de patience et de volont\u00e9 : telle est l&rsquo;exp\u00e9rience travers\u00e9e par C\u00e9cile Gateff. Depuis, marcher est pour elle une passion ; mieux, une v\u00e9ritable philosophie de vie. Elle a d\u00e9vor\u00e9 ouvrages de cliniciens ou d&rsquo;historiens, r\u00e9cits de grands voyageurs, guides de randonn\u00e9e&#8230; Elle est devenue une insatiable croqueuse de kilom\u00e8tres \u00e0 pied, en ville, \u00e0 la campagne, \u00e0 la montagne&#8230; et a compris \u00e0 quel point cette activit\u00e9 est b\u00e9n\u00e9fique pour le corps et pour l&rsquo;esprit. Elle s&rsquo;est pos\u00e9 les bonnes questions : marcher seul ou en groupe ? Comment se pr\u00e9parer \u00e0 une randonn\u00e9e ? Que mettre dans son sac \u00e0 dos ? De ses p\u00e9riples, elle a ramen\u00e9 une certitude : la marche est un art de vivre mieux. Entre t\u00e9moignage et guide pratique, elle nous offre ici une invitation \u00e0 la suivre.<\/p>\n<h1 id=\"title\" class=\"a-size-large a-spacing-none\"><span id=\"productTitle\" class=\"a-size-large\">SLOW DOWN : PRENEZ LE TEMPS DE VIVRE<\/span><\/h1>\n<p class=\"a-size-large a-spacing-none\" style=\"text-align: justify;\"><a title=\"Bottes et V\u00e9lo: la librairie du p\u00e8lerin\" href=\"http:\/\/bottesetvelo.com\/bottes-et-velo-librairie\" target=\"_blank\"><img data-recalc-dims=\"1\" loading=\"lazy\" decoding=\"async\" data-attachment-id=\"1006\" data-permalink=\"https:\/\/bottesetvelo.com\/blog\/2014\/11\/30\/decembre-la-librairie-du-pelerin-vous-propose\/hapax-slow-down\/\" data-orig-file=\"https:\/\/i0.wp.com\/bottesetvelo.com\/blog\/wp-content\/uploads\/2014\/11\/Hapax-Slow-Down.jpg?fit=329%2C475&amp;ssl=1\" data-orig-size=\"329,475\" data-comments-opened=\"1\" data-image-meta=\"{&quot;aperture&quot;:&quot;0&quot;,&quot;credit&quot;:&quot;&quot;,&quot;camera&quot;:&quot;&quot;,&quot;caption&quot;:&quot;&quot;,&quot;created_timestamp&quot;:&quot;0&quot;,&quot;copyright&quot;:&quot;&quot;,&quot;focal_length&quot;:&quot;0&quot;,&quot;iso&quot;:&quot;0&quot;,&quot;shutter_speed&quot;:&quot;0&quot;,&quot;title&quot;:&quot;&quot;,&quot;orientation&quot;:&quot;0&quot;}\" data-image-title=\"Hapax &amp;#8211; Slow Down\" data-image-description=\"\" data-image-caption=\"\" data-large-file=\"https:\/\/i0.wp.com\/bottesetvelo.com\/blog\/wp-content\/uploads\/2014\/11\/Hapax-Slow-Down.jpg?fit=329%2C475&amp;ssl=1\" class=\"alignright wp-image-1006 \" src=\"https:\/\/i0.wp.com\/bottesetvelo.com\/blog\/wp-content\/uploads\/2014\/11\/Hapax-Slow-Down.jpg?resize=218%2C314&#038;ssl=1\" alt=\"Hapax - Slow Down\" width=\"218\" height=\"314\" \/><\/a><span id=\"productTitle\" class=\"a-size-large\">D\u00e9tendez-vous. Faites les choses lentement, doucement. Osez, m\u00eame, ne rien faire&#8230; Les occasions ne manquent pas : au fil de la journ\u00e9e, ce sont elles que ce guide vous invite \u00e0 saisir. Dr\u00f4le et l\u00e9ger, il vous propose toute une s\u00e9rie de conseils pratiques pour mieux profiter du temps et lutter contre la tyrannie de la vitesse et de la productivit\u00e9. Slow down\u00a0<\/span><\/p>\n<h1 id=\"title\" class=\"a-size-large a-spacing-none\"><span id=\"productTitle\" class=\"a-size-large\">Voulez-vous changer de vie?<\/span><\/h1>\n<p class=\"a-size-large a-spacing-none\" style=\"text-align: justify;\"><a title=\"Bottes et V\u00e9lo: la librairie du p\u00e8lerin\" href=\"http:\/\/bottesetvelo.com\/bottes-et-velo-librairie\" target=\"_blank\"><img data-recalc-dims=\"1\" loading=\"lazy\" decoding=\"async\" data-attachment-id=\"1007\" data-permalink=\"https:\/\/bottesetvelo.com\/blog\/2014\/11\/30\/decembre-la-librairie-du-pelerin-vous-propose\/pelle-douel-voulez-vous-changer-de-vie\/\" data-orig-file=\"https:\/\/i0.wp.com\/bottesetvelo.com\/blog\/wp-content\/uploads\/2014\/11\/Pell%C3%A9-Dou%C3%ABl-Voulez-vous-changer-de-vie.jpg?fit=329%2C500&amp;ssl=1\" data-orig-size=\"329,500\" data-comments-opened=\"1\" data-image-meta=\"{&quot;aperture&quot;:&quot;0&quot;,&quot;credit&quot;:&quot;&quot;,&quot;camera&quot;:&quot;&quot;,&quot;caption&quot;:&quot;&quot;,&quot;created_timestamp&quot;:&quot;0&quot;,&quot;copyright&quot;:&quot;&quot;,&quot;focal_length&quot;:&quot;0&quot;,&quot;iso&quot;:&quot;0&quot;,&quot;shutter_speed&quot;:&quot;0&quot;,&quot;title&quot;:&quot;&quot;,&quot;orientation&quot;:&quot;0&quot;}\" data-image-title=\"Pell\u00e9-Dou\u00ebl &amp;#8211; Voulez-vous changer de vie\" data-image-description=\"\" data-image-caption=\"\" data-large-file=\"https:\/\/i0.wp.com\/bottesetvelo.com\/blog\/wp-content\/uploads\/2014\/11\/Pell%C3%A9-Dou%C3%ABl-Voulez-vous-changer-de-vie.jpg?fit=329%2C500&amp;ssl=1\" class=\"alignright wp-image-1007 \" src=\"https:\/\/i0.wp.com\/bottesetvelo.com\/blog\/wp-content\/uploads\/2014\/11\/Pell%C3%A9-Dou%C3%ABl-Voulez-vous-changer-de-vie.jpg?resize=216%2C328&#038;ssl=1\" alt=\"Pell\u00e9-Dou\u00ebl - Voulez-vous changer de vie\" width=\"216\" height=\"328\" \/><\/a>Plus d&rsquo;\u00eatre, moins d&rsquo;avoir. Il arrive en France, ce mouvement, dit de \u00a0\u00bb d\u00e9croissance \u00ab\u00a0, baptis\u00e9 downshifting aux \u00c9tats-Unis et en Angleterre. Autrement dit, l&rsquo;art et la mani\u00e8re de r\u00e9ussir \u00e0 travailler moins, \u00e0 consommer diff\u00e9remment, tout en vivant beaucoup mieux. Vivre mieux, cela veut dire aussi se pr\u00e9occuper d&rsquo;environnement, de r\u00e9partition plus juste des richesses \u00e0 la surface du globe, bref, lutter individuellement contre la surconsommation et la surpollution.Mais comment faire ? Ce guide ludique explore concr\u00e8tement les pistes, propose des id\u00e9es, des adresses, des solutions facilement applicables : diminuer son temps de travail, supprimer une voiture sur deux, rouler \u00e0 l&rsquo;huile de friture, partir en vacances autrement, acheter diff\u00e9remment, r\u00e9cup\u00e9rer, \u00e9changer, troquer, r\u00e9duire les transports, partir pour une autre r\u00e9gion, un autre pays, troquer un petit appartement trop co\u00fbteux contre une maison avec jardin et bien d&rsquo;autres id\u00e9es encore pour redonner du sens \u00e0 sa vie.<\/p>\n<p style=\"text-align: justify;\">Bonne lecture!<a href=\"https:\/\/i0.wp.com\/bottesetvelo.com\/blog\/wp-content\/uploads\/2014\/01\/Bottes-et-V%C3%A9lo-Embl%C3%AAme.jpg?ssl=1\"><img data-recalc-dims=\"1\" loading=\"lazy\" decoding=\"async\" data-attachment-id=\"14\" data-permalink=\"https:\/\/bottesetvelo.com\/blog\/bottes-et-velo-le-blog\/bottes-et-velo-embleme\/\" data-orig-file=\"https:\/\/i0.wp.com\/bottesetvelo.com\/blog\/wp-content\/uploads\/2014\/01\/Bottes-et-V%C3%A9lo-Embl%C3%AAme-e1454083414631.jpg?fit=100%2C79&amp;ssl=1\" data-orig-size=\"100,79\" data-comments-opened=\"1\" data-image-meta=\"{&quot;aperture&quot;:&quot;0&quot;,&quot;credit&quot;:&quot;&quot;,&quot;camera&quot;:&quot;&quot;,&quot;caption&quot;:&quot;&quot;,&quot;created_timestamp&quot;:&quot;0&quot;,&quot;copyright&quot;:&quot;&quot;,&quot;focal_length&quot;:&quot;0&quot;,&quot;iso&quot;:&quot;0&quot;,&quot;shutter_speed&quot;:&quot;0&quot;,&quot;title&quot;:&quot;&quot;}\" data-image-title=\"Bottes et V\u00e9lo &amp;#8211; Embl\u00eame\" data-image-description=\"\" data-image-caption=\"\" data-large-file=\"https:\/\/i0.wp.com\/bottesetvelo.com\/blog\/wp-content\/uploads\/2014\/01\/Bottes-et-V%C3%A9lo-Embl%C3%AAme-e1454083414631.jpg?fit=100%2C79&amp;ssl=1\" class=\"alignright wp-image-14 \" src=\"https:\/\/i0.wp.com\/bottesetvelo.com\/blog\/wp-content\/uploads\/2014\/01\/Bottes-et-V%C3%A9lo-Embl%C3%AAme.jpg?resize=65%2C51&#038;ssl=1\" alt=\"Bottes et V\u00e9lo - Embl\u00eame\" width=\"65\" height=\"51\" \/><\/a><\/p>\n<p style=\"text-align: justify;\">\u00c9ric Lalibert\u00e9 et Brigitte Harouni<\/p>\n","protected":false},"excerpt":{"rendered":"<p>La librairie du p\u00e8lerin est de retour avec ses suggestions de lectures mensuelles. Comme vous le savez, chaque mois, Bottes et V\u00e9lo vous propose trois titres que nous avons s\u00e9lectionn\u00e9s afin d&rsquo;alimenter votre r\u00e9flexion sur le p\u00e8lerinage de longue randonn\u00e9e. Ces livres se veulent des outils permettant de contribuer graduellement \u00e0 l&rsquo;int\u00e9gration des diff\u00e9rentes dimensions&hellip;<\/p>\n","protected":false},"author":1,"featured_media":0,"comment_status":"open","ping_status":"open","sticky":false,"template":"","format":"standard","meta":{"jetpack_post_was_ever_published":false,"_jetpack_newsletter_access":"","_jetpack_dont_email_post_to_subs":false,"_jetpack_newsletter_tier_id":0,"_jetpack_memberships_contains_paywalled_content":false,"_jetpack_memberships_contains_paid_content":false,"footnotes":"","jetpack_publicize_message":"","jetpack_publicize_feature_enabled":true,"jetpack_social_post_already_shared":true,"jetpack_social_options":{"image_generator_settings":{"template":"highway","default_image_id":0,"font":"","enabled":false},"version":2}},"categories":[8],"tags":[275,40,96,38,113],"class_list":["post-1004","post","type-post","status-publish","format-standard","hentry","category-revue-litteraire","tag-art-de-vivre","tag-croissance-personnelle-2","tag-qualite-de-vie","tag-reflexion","tag-sante"],"jetpack_publicize_connections":[],"jetpack_featured_media_url":"","jetpack_shortlink":"https:\/\/wp.me\/p4eY6z-gc","jetpack_sharing_enabled":true,"jetpack_likes_enabled":true,"jetpack-related-posts":[],"_links":{"self":[{"href":"https:\/\/bottesetvelo.com\/blog\/wp-json\/wp\/v2\/posts\/1004","targetHints":{"allow":["GET"]}}],"collection":[{"href":"https:\/\/bottesetvelo.com\/blog\/wp-json\/wp\/v2\/posts"}],"about":[{"href":"https:\/\/bottesetvelo.com\/blog\/wp-json\/wp\/v2\/types\/post"}],"author":[{"embeddable":true,"href":"https:\/\/bottesetvelo.com\/blog\/wp-json\/wp\/v2\/users\/1"}],"replies":[{"embeddable":true,"href":"https:\/\/bottesetvelo.com\/blog\/wp-json\/wp\/v2\/comments?post=1004"}],"version-history":[{"count":2,"href":"https:\/\/bottesetvelo.com\/blog\/wp-json\/wp\/v2\/posts\/1004\/revisions"}],"predecessor-version":[{"id":1010,"href":"https:\/\/bottesetvelo.com\/blog\/wp-json\/wp\/v2\/posts\/1004\/revisions\/1010"}],"wp:attachment":[{"href":"https:\/\/bottesetvelo.com\/blog\/wp-json\/wp\/v2\/media?parent=1004"}],"wp:term":[{"taxonomy":"category","embeddable":true,"href":"https:\/\/bottesetvelo.com\/blog\/wp-json\/wp\/v2\/categories?post=1004"},{"taxonomy":"post_tag","embeddable":true,"href":"https:\/\/bottesetvelo.com\/blog\/wp-json\/wp\/v2\/tags?post=1004"}],"curies":[{"name":"wp","href":"https:\/\/api.w.org\/{rel}","templated":true}]}}